{"id":4601,"date":"2025-10-23T10:00:00","date_gmt":"2025-10-23T10:00:00","guid":{"rendered":"https:\/\/erfolg.lv\/?p=4601"},"modified":"2025-12-16T10:06:43","modified_gmt":"2025-12-16T10:06:43","slug":"arhitektura-bez-garlaicibas-neimanis-jauniesu-valoda-6","status":"publish","type":"post","link":"https:\/\/erfolg.lv\/?p=4601&lang=lv","title":{"rendered":"Arhitekt\u016bra bez garlaic\u012bbas: Neimanis jaunie\u0161u valod\u0101"},"content":{"rendered":"\n<p>Vilhelms Neimanis bija cilv\u0113ks, kur\u0161 devis milz\u012bgu ieguld\u012bjumu Latvijas kult\u016bras un arhitekt\u016bras att\u012bst\u012bb\u0101.&nbsp;<img decoding=\"async\" loading=\"lazy\" height=\"16\" width=\"16\" alt=\"&#x1f1f1;&#x1f1fb;\" src=\"https:\/\/static.xx.fbcdn.net\/images\/emoji.php\/v9\/t8d\/1\/16\/1f1f1_1f1fb.png\"><br>Lai gan vi\u0146\u0161 dzimis V\u0101cij\u0101, gandr\u012bz visa vi\u0146a dz\u012bve un rado\u0161ais darbs ir cie\u0161i saist\u012bti ar Latviju.<br>Vi\u0146a darbus atz\u012bst ne tikai pie mums, bet ar\u012b daudz\u0101s Eiropas valst\u012bs.&nbsp;<img decoding=\"async\" loading=\"lazy\" height=\"16\" width=\"16\" alt=\"&#x1f30d;\" src=\"https:\/\/static.xx.fbcdn.net\/images\/emoji.php\/v9\/t3f\/1\/16\/1f30d.png\"><\/p>\n\n\n\n<p>Neimanis ir piem\u0113rs tam, k\u0101 iesp\u0113jams apvienot m\u0101kslu, v\u0113sturi un m\u016bsdien\u012bgumu.&nbsp;<img decoding=\"async\" loading=\"lazy\" height=\"16\" width=\"16\" alt=\"&#x1f4a1;\" src=\"https:\/\/static.xx.fbcdn.net\/images\/emoji.php\/v9\/t3c\/1\/16\/1f4a1.png\"><img decoding=\"async\" loading=\"lazy\" height=\"16\" width=\"16\" alt=\"&#x1f3d7;\" src=\"https:\/\/static.xx.fbcdn.net\/images\/emoji.php\/v9\/tde\/1\/16\/1f3d7.png\"><\/p>\n\n\n\n<p>Publik\u0101cija ir da\u013ca no projekta \u2018Kult\u016bru tilti \u2013 etnisko minorit\u0101\u0161u jaunie\u0161u integr\u0101cija\u201d.<\/p>\n\n\n\n<p>Projekts \u012bstenots Izgl\u012bt\u012bbas un zin\u0101tnes ministrijas Jaunatnes politikas valsts programmas 2025.- 2027. gadam valsts bud\u017eeta finans\u0113juma ietvaros<\/p>\n","protected":false},"excerpt":{"rendered":"<p>Vilhelms Neimanis bija cilv\u0113ks, kur\u0161 devis milz\u012bgu ieguld\u012bjumu Latvijas kult\u016bras un arhitekt\u016bras att\u012bst\u012bb\u0101.&nbsp;Lai gan vi\u0146\u0161 dzimis V\u0101cij\u0101, gandr\u012bz visa vi\u0146a dz\u012bve un rado\u0161ais darbs ir cie\u0161i saist\u012bti ar Latviju.Vi\u0146a darbus atz\u012bst ne tikai pie mums, bet ar\u012b daudz\u0101s Eiropas valst\u012bs.&nbsp; Neimanis ir piem\u0113rs tam, k\u0101 iesp\u0113jams apvienot m\u0101kslu, v\u0113sturi un m\u016bsdien\u012bgumu.&nbsp; Publik\u0101cija ir da\u013ca no [&hellip;]<\/p>\n","protected":false},"author":2,"featured_media":4602,"comment_status":"closed","ping_status":"closed","sticky":true,"template":"","format":"standard","meta":[],"categories":[564,521,633],"tags":[523,307],"_links":{"self":[{"href":"https:\/\/erfolg.lv\/index.php?rest_route=\/wp\/v2\/posts\/4601"}],"collection":[{"href":"https:\/\/erfolg.lv\/index.php?rest_route=\/wp\/v2\/posts"}],"about":[{"href":"https:\/\/erfolg.lv\/index.php?rest_route=\/wp\/v2\/types\/post"}],"author":[{"embeddable":true,"href":"https:\/\/erfolg.lv\/index.php?rest_route=\/wp\/v2\/users\/2"}],"replies":[{"embeddable":true,"href":"https:\/\/erfolg.lv\/index.php?rest_route=%2Fwp%2Fv2%2Fcomments&post=4601"}],"version-history":[{"count":1,"href":"https:\/\/erfolg.lv\/index.php?rest_route=\/wp\/v2\/posts\/4601\/revisions"}],"predecessor-version":[{"id":4603,"href":"https:\/\/erfolg.lv\/index.php?rest_route=\/wp\/v2\/posts\/4601\/revisions\/4603"}],"wp:featuredmedia":[{"embeddable":true,"href":"https:\/\/erfolg.lv\/index.php?rest_route=\/wp\/v2\/media\/4602"}],"wp:attachment":[{"href":"https:\/\/erfolg.lv\/index.php?rest_route=%2Fwp%2Fv2%2Fmedia&parent=4601"}],"wp:term":[{"taxonomy":"category","embeddable":true,"href":"https:\/\/erfolg.lv\/index.php?rest_route=%2Fwp%2Fv2%2Fcategories&post=4601"},{"taxonomy":"post_tag","embeddable":true,"href":"https:\/\/erfolg.lv\/index.php?rest_route=%2Fwp%2Fv2%2Ftags&post=4601"}],"curies":[{"name":"wp","href":"https:\/\/api.w.org\/{rel}","templated":true}]}}