{"id":2895,"date":"2025-05-29T08:29:49","date_gmt":"2025-05-29T08:29:49","guid":{"rendered":"https:\/\/erfolg.lv\/?p=2895"},"modified":"2025-06-06T07:31:16","modified_gmt":"2025-06-06T07:31:16","slug":"daugavpilij750-interesantais-fakts","status":"publish","type":"post","link":"http:\/\/erfolg.lv\/?p=2895&lang=lv","title":{"rendered":"Daugavpilij750 Interesantais fakts"},"content":{"rendered":"\n<p>Vai esi k\u0101dreiz aizdom\u0101ju\u0161ies, no k\u0101d\u0101m rok\u0101m un akmens dzima m\u016bsu pils\u0113tas arhitekt\u016bras p\u0113rle &#8212; M\u0101rti\u0146a Lutera katedr\u0101le?<\/p>\n\n\n\n<p><img decoding=\"async\" loading=\"lazy\" height=\"16\" width=\"16\" alt=\"&#x1f4cd;\" src=\"https:\/\/static.xx.fbcdn.net\/images\/emoji.php\/v9\/t2d\/1\/16\/1f4cd.png\">&nbsp;M\u0101rti\u0146a Lutera katedr\u0101le Daugavpil\u012b, ko 1893. gad\u0101 p\u0113c Vilhelma Neima\u0146a projekta uzb\u016bv\u0113ja viet\u0113jie meistari, ir celta no Kalk\u016bnes r\u016bpn\u012bc\u0101 ra\u017eotiem sarkanajiem \u0137ie\u0123e\u013ciem \u2013 tie tolaik tika ieg\u016bti tepat Latgal\u0113, no viet\u0113j\u0101m m\u0101la atradn\u0113m.<\/p>\n\n\n\n<p><img decoding=\"async\" loading=\"lazy\" height=\"16\" width=\"16\" alt=\"&#x1f538;\" src=\"https:\/\/static.xx.fbcdn.net\/images\/emoji.php\/v9\/t72\/1\/16\/1f538.png\">&nbsp;\u0160ie \u0137ie\u0123e\u013ci nav tikai b\u016bvmateri\u0101ls \u2013 tie ir liecinieki laikmetam, kad Daugavpils auga, att\u012bst\u012bj\u0101s un k\u013cuva par svar\u012bgu re\u0123ion\u0101lo centru. Katrs \u0137ie\u0123elis sev\u012b glab\u0101 gan v\u0113sturi, gan amatnieku roku piesk\u0101rienu, kas padara \u0161o celtni \u012bpa\u0161i autentisku un simbolisku.<\/p>\n","protected":false},"excerpt":{"rendered":"<p>Vai esi k\u0101dreiz aizdom\u0101ju\u0161ies, no k\u0101d\u0101m rok\u0101m un akmens dzima m\u016bsu pils\u0113tas arhitekt\u016bras p\u0113rle &#8212; M\u0101rti\u0146a Lutera katedr\u0101le? &nbsp;M\u0101rti\u0146a Lutera katedr\u0101le Daugavpil\u012b, ko 1893. gad\u0101 p\u0113c Vilhelma Neima\u0146a projekta uzb\u016bv\u0113ja viet\u0113jie meistari, ir celta no Kalk\u016bnes r\u016bpn\u012bc\u0101 ra\u017eotiem sarkanajiem \u0137ie\u0123e\u013ciem \u2013 tie tolaik tika ieg\u016bti tepat Latgal\u0113, no viet\u0113j\u0101m m\u0101la atradn\u0113m. &nbsp;\u0160ie \u0137ie\u0123e\u013ci nav tikai [&hellip;]<\/p>\n","protected":false},"author":2,"featured_media":2898,"comment_status":"closed","ping_status":"open","sticky":true,"template":"","format":"standard","meta":[],"categories":[251,71,68],"tags":[157,155],"_links":{"self":[{"href":"http:\/\/erfolg.lv\/index.php?rest_route=\/wp\/v2\/posts\/2895"}],"collection":[{"href":"http:\/\/erfolg.lv\/index.php?rest_route=\/wp\/v2\/posts"}],"about":[{"href":"http:\/\/erfolg.lv\/index.php?rest_route=\/wp\/v2\/types\/post"}],"author":[{"embeddable":true,"href":"http:\/\/erfolg.lv\/index.php?rest_route=\/wp\/v2\/users\/2"}],"replies":[{"embeddable":true,"href":"http:\/\/erfolg.lv\/index.php?rest_route=%2Fwp%2Fv2%2Fcomments&post=2895"}],"version-history":[{"count":1,"href":"http:\/\/erfolg.lv\/index.php?rest_route=\/wp\/v2\/posts\/2895\/revisions"}],"predecessor-version":[{"id":2899,"href":"http:\/\/erfolg.lv\/index.php?rest_route=\/wp\/v2\/posts\/2895\/revisions\/2899"}],"wp:featuredmedia":[{"embeddable":true,"href":"http:\/\/erfolg.lv\/index.php?rest_route=\/wp\/v2\/media\/2898"}],"wp:attachment":[{"href":"http:\/\/erfolg.lv\/index.php?rest_route=%2Fwp%2Fv2%2Fmedia&parent=2895"}],"wp:term":[{"taxonomy":"category","embeddable":true,"href":"http:\/\/erfolg.lv\/index.php?rest_route=%2Fwp%2Fv2%2Fcategories&post=2895"},{"taxonomy":"post_tag","embeddable":true,"href":"http:\/\/erfolg.lv\/index.php?rest_route=%2Fwp%2Fv2%2Ftags&post=2895"}],"curies":[{"name":"wp","href":"https:\/\/api.w.org\/{rel}","templated":true}]}}