{"id":2041,"date":"2025-03-10T13:52:34","date_gmt":"2025-03-10T13:52:34","guid":{"rendered":"http:\/\/erfolg.lv\/?p=2041"},"modified":"2025-04-07T10:26:36","modified_gmt":"2025-04-07T10:26:36","slug":"video-vorstellung-des-kalenders-wilhelm-neumann-wird-175","status":"publish","type":"post","link":"http:\/\/erfolg.lv\/?p=2041&lang=de","title":{"rendered":"Video: Vorstellung des Kalenders \u201eWilhelm Neumann wird 175!\u201c"},"content":{"rendered":"\n<p>Am 24. Februar fand ein lang erwartetes Ereignis statt \u2013 die Pr\u00e4sentation des Kalenders &#171;Wilhelm Neumann 175!&#187;. Dieses Projekt ist das Ergebnis der sorgf\u00e4ltigen Arbeit von K\u00fcnstlern, Fotografen und Historikern, die das gemeinsame Ziel verfolgen, Neumanns Schaffen zu bewahren und bekannt zu machen.<\/p>\n\n\n\n<p>In diesem Video sehen Sie, wie die Veranstaltung zu Ehren des gro\u00dfen Architekten verlief, dessen Projekte noch heute lettische St\u00e4dte schm\u00fccken.<\/p>\n\n\n\n<p>Teilen Sie Ihre Eindr\u00fccke, hinterlassen Sie Kommentare und vergessen Sie nicht, uns mit einem Like zu unterst\u00fctzen!<\/p>\n\n\n\n<figure class=\"wp-block-embed is-type-video is-provider-youtube wp-block-embed-youtube wp-embed-aspect-16-9 wp-has-aspect-ratio\"><div class=\"wp-block-embed__wrapper\">\n<iframe loading=\"lazy\" title=\"\u041f\u0440\u0435\u0437\u0435\u043d\u0442\u0430\u0446\u0438\u044f \u043a\u0430\u043b\u0435\u043d\u0434\u0430\u0440\u044f \u00ab\u0412\u0438\u043b\u044c\u0433\u0435\u043b\u044c\u043c\u0443 \u041d\u0435\u0439\u043c\u0430\u043d\u0443 175!\u00bb,\" width=\"640\" height=\"360\" src=\"https:\/\/www.youtube.com\/embed\/Ade_VnOLaPA?feature=oembed\" frameborder=\"0\" allow=\"accelerometer; autoplay; clipboard-write; encrypted-media; gyroscope; picture-in-picture; web-share\" referrerpolicy=\"strict-origin-when-cross-origin\" allowfullscreen><\/iframe>\n<\/div><\/figure>\n","protected":false},"excerpt":{"rendered":"<p>Am 24. Februar fand ein lang erwartetes Ereignis statt \u2013 die Pr\u00e4sentation des Kalenders &#171;Wilhelm Neumann 175!&#187;. Dieses Projekt ist das Ergebnis der sorgf\u00e4ltigen Arbeit von K\u00fcnstlern, Fotografen und Historikern, die das gemeinsame Ziel verfolgen, Neumanns Schaffen zu bewahren und bekannt zu machen. In diesem Video sehen Sie, wie die Veranstaltung zu Ehren des gro\u00dfen [&hellip;]<\/p>\n","protected":false},"author":2,"featured_media":1859,"comment_status":"closed","ping_status":"open","sticky":false,"template":"","format":"standard","meta":[],"categories":[11],"tags":[],"_links":{"self":[{"href":"http:\/\/erfolg.lv\/index.php?rest_route=\/wp\/v2\/posts\/2041"}],"collection":[{"href":"http:\/\/erfolg.lv\/index.php?rest_route=\/wp\/v2\/posts"}],"about":[{"href":"http:\/\/erfolg.lv\/index.php?rest_route=\/wp\/v2\/types\/post"}],"author":[{"embeddable":true,"href":"http:\/\/erfolg.lv\/index.php?rest_route=\/wp\/v2\/users\/2"}],"replies":[{"embeddable":true,"href":"http:\/\/erfolg.lv\/index.php?rest_route=%2Fwp%2Fv2%2Fcomments&post=2041"}],"version-history":[{"count":1,"href":"http:\/\/erfolg.lv\/index.php?rest_route=\/wp\/v2\/posts\/2041\/revisions"}],"predecessor-version":[{"id":2042,"href":"http:\/\/erfolg.lv\/index.php?rest_route=\/wp\/v2\/posts\/2041\/revisions\/2042"}],"wp:featuredmedia":[{"embeddable":true,"href":"http:\/\/erfolg.lv\/index.php?rest_route=\/wp\/v2\/media\/1859"}],"wp:attachment":[{"href":"http:\/\/erfolg.lv\/index.php?rest_route=%2Fwp%2Fv2%2Fmedia&parent=2041"}],"wp:term":[{"taxonomy":"category","embeddable":true,"href":"http:\/\/erfolg.lv\/index.php?rest_route=%2Fwp%2Fv2%2Fcategories&post=2041"},{"taxonomy":"post_tag","embeddable":true,"href":"http:\/\/erfolg.lv\/index.php?rest_route=%2Fwp%2Fv2%2Ftags&post=2041"}],"curies":[{"name":"wp","href":"https:\/\/api.w.org\/{rel}","templated":true}]}}