{"id":200,"date":"2023-06-27T06:16:09","date_gmt":"2023-06-27T06:16:09","guid":{"rendered":"http:\/\/erfolg.lv\/?p=200"},"modified":"2025-01-10T11:40:17","modified_gmt":"2025-01-10T11:40:17","slug":"baltijas-vacu-biedribu-projektu-planosanas-seminars-klaipeda","status":"publish","type":"post","link":"http:\/\/erfolg.lv\/?p=200&lang=lv","title":{"rendered":"<strong>Baltijas v\u0101cu biedr\u012bbu projektu pl\u0101no\u0161anas semin\u0101rs Klaip\u0113d\u0101<\/strong>"},"content":{"rendered":"\n<p class=\"has-text-align-left\"><strong>Baltijas v\u0101cu biedr\u012bbu projektu apm\u0101c\u012bbas semin\u0101rs norisin\u0101j\u0101s Simona Daha tik\u0161an\u0101s centr\u0101 Klaip\u0113d\u0101. Semin\u0101ra dienas k\u0101rt\u012bba bija \u013coti bl\u012bva, un divu dienu laik\u0101 ar dal\u012bbniekiem tika iztirz\u0101ti visi projekta \u012bsteno\u0161anas un dokument\u0113\u0161anas aspekti \u2014 s\u0101kot no projekta finans\u0113\u0161anas cikla gada griezum\u0101 un jom\u0101m, kur\u0101s var r\u0113\u0137in\u0101ties ar nemain\u012bgu politisko atbalstu (darbs ar jaunie\u0161iem un v\u0101cu valodu), un beidzot ar \u013coti specifiskiem projekta pieteikuma sagatavo\u0161anas jaut\u0101jumiem, pareizu atskai\u0161u noform\u0113\u0161anu un iesnieg\u0161anu. Neizpalika ar\u012b lab\u0101s prakses piem\u0113ri no cit\u0101m v\u0101cu maz\u0101kumtaut\u012bbas biedr\u012bb\u0101m.<\/strong><\/p>\n\n\n\n<p>Viens no semin\u0101ra galvenajiem m\u0113r\u0137iem bija vair\u0101ku V\u0101cijas instit\u016bciju p\u0101rst\u0101vju un Baltijas v\u0101cu maz\u0101kumtaut\u012bbas biedr\u012bbu vad\u012bt\u0101ju tik\u0161an\u0101s. No \u0161\u0101 gada ir sp\u0113k\u0101 jauna projektu p\u0101rvald\u012bbas forma, proti, V\u0101cijas Iek\u0161lietu ministrija&nbsp;(BMI) maz\u0101kumtaut\u012bbu projektu p\u0101rvald\u012bbas un koordin\u0113\u0161anas funkcijas ir nodevusi fondam&nbsp;<em>Stiftung Verbundenheit mit den Deutschen im Ausland<\/em>, kuru Klaip\u0113d\u0101 p\u0101rst\u0101v\u0113ja Monika Ambaha (<em>M\u00f3nika&nbsp;Ambach<\/em>). \u0160\u012b bija ar\u012b pirm\u0101 tik\u0161an\u0101s ar V\u0101cijas Iek\u0161lietu ministrijas p\u0101rst\u0101vjiem Mihaelu Pr\u012bmeru (<em>Michaela Priemer<\/em>) un \u0160tefanu Ginteru (<em>Stefan G\u00fcnther<\/em>) p\u0113c t\u0101 d\u0113v\u0113t\u0101s&nbsp;<em>kovidpauzes<\/em>. Tre\u0161\u0101 V\u0101cijas instit\u016bcija, ko p\u0101rst\u0101v\u0113ja Betija Himmela (<em>Betty Hummel<\/em>), bija&nbsp;<em>Bundesverwaltungsamt<\/em>; t\u0101 atbild par finan\u0161u izlietojuma un atskai\u0161u p\u0101rbaudi. V\u0101cu maz\u0101kumtaut\u012bbu Baltij\u0101 p\u0101rst\u0101v\u0113ja 17&nbsp;dal\u012bbnieki no 11&nbsp;organiz\u0101cij\u0101m. Esam gandar\u012bti, ka pas\u0101kums bija kupli apmekl\u0113ts, jo katrs, kur\u0161 ir darbojies projektu \u012bsteno\u0161anas lauk\u0101, zina, cik svar\u012bga ir laba komunik\u0101cija un person\u012bga paz\u012b\u0161an\u0101s. V\u0113l jo svar\u012bg\u0101k tas ir nevalstiskaj\u0101 sektor\u0101, kur motiv\u0101cija tiek rasta iek\u0161\u0113jos ide\u0101los un kur kop\u012bgs darbs un atbalsto\u0161a komanda bie\u017ei ir iz\u0161\u0137ir\u012bgi argumenti par labu k\u0101da projekta \u012bsteno\u0161anai. Paz\u012bt citam citu liel\u0101 m\u0113r\u0101 noz\u012bm\u0113 akt\u012bv\u0101k un kvalitat\u012bv\u0101k izmantot pied\u0101v\u0101t\u0101s iesp\u0113jas.<\/p>\n\n\n\n<p>Semin\u0101ra dienas k\u0101rt\u012bba bija \u013coti bl\u012bva, un divu dienu laik\u0101 ar dal\u012bbniekiem tika iztirz\u0101ti visi projekta \u012bsteno\u0161anas un dokument\u0113\u0161anas aspekti&nbsp;\u2014 s\u0101kot no projekta finans\u0113\u0161anas cikla gada griezum\u0101 un jom\u0101m, kur\u0101s var r\u0113\u0137in\u0101ties ar nemain\u012bgu politisko atbalstu (darbs ar jaunie\u0161iem un v\u0101cu valodu), un beidzot ar \u013coti specifiskiem projekta pieteikuma sagatavo\u0161anas jaut\u0101jumiem, pareizu atskai\u0161u noform\u0113\u0161anu un iesnieg\u0161anu. Neizpalika ar\u012b lab\u0101s prakses piem\u0113ri no cit\u0101m v\u0101cu maz\u0101kumtaut\u012bbas biedr\u012bb\u0101m.<\/p>\n\n\n\n<p>Protams, k\u0101ds laika spr\u012bdis tika atv\u0113l\u0113ts ar\u012b neform\u0101l\u0101k\u0101m aktivit\u0101t\u0113m, un \u0161oreiz dal\u012bbnieki iepazin\u0101s ar Klaip\u0113das v\u0113sturi, kas ir izteikti v\u0101ciska&nbsp;\u2014 pirms Otr\u0101 pasaules kara 70% Klaip\u0113das iedz\u012bvot\u0101ju bija v\u0101cu izcelsmes. Dal\u012bbnieki apmekl\u0113ja ar\u012b 1939.\/1940.&nbsp;gada notikumiem velt\u012btu muzeja ekspoz\u012bciju. \u013boti emocion\u0101ls bija vakari\u0146u nosl\u0113gums, kas no sarunu vakara gau\u017e\u0101m spont\u0101ni izv\u0113rt\u0101s dziesmu vakar\u0101. Bija aizkustino\u0161i piedz\u012bvot, k\u0101 no da\u017e\u0101d\u0101m valst\u012bm sabrauku\u0161o biedr\u012bbu vad\u012bt\u0101ji vienojas v\u0101cu dziesm\u0101!<\/p>\n\n\n\n<blockquote class=\"wp-block-quote\">\n<p>K\u0101 teica biedr\u012bbas &#171;ERFOLG&#187; priek\u0161s\u0113d\u0113t\u0101ja Olga Jesse:<\/p>\n<cite>\u201cMan \u0161is semin\u0101rs ir k\u0101 svaiga gaisa malks p\u0113c ilga p\u0101rtraukuma. Tik\u0161an\u0101s ar domubiedriem sniedz resursu turpm\u0101kajam darbam, un \u0161\u0101di informat\u012bvie semin\u0101ri \u013cauj padar\u012bt darbu kvalitat\u012bv\u0101ku. Semin\u0101rs bija noder\u012bgs un informat\u012bvs. Paldies par \u0161o iesp\u0113ju!\u201d<\/cite><\/blockquote>\n\n\n\n<p><\/p>\n","protected":false},"excerpt":{"rendered":"<p>Baltijas v\u0101cu biedr\u012bbu projektu apm\u0101c\u012bbas semin\u0101rs norisin\u0101j\u0101s Simona Daha tik\u0161an\u0101s centr\u0101 Klaip\u0113d\u0101. Semin\u0101ra dienas k\u0101rt\u012bba bija \u013coti bl\u012bva, un divu dienu laik\u0101 ar dal\u012bbniekiem tika iztirz\u0101ti visi projekta \u012bsteno\u0161anas un dokument\u0113\u0161anas aspekti \u2014 s\u0101kot no projekta finans\u0113\u0161anas cikla gada griezum\u0101 un jom\u0101m, kur\u0101s var r\u0113\u0137in\u0101ties ar nemain\u012bgu politisko atbalstu (darbs ar jaunie\u0161iem un v\u0101cu valodu), [&hellip;]<\/p>\n","protected":false},"author":2,"featured_media":201,"comment_status":"open","ping_status":"open","sticky":false,"template":"","format":"standard","meta":[],"categories":[68],"tags":[],"_links":{"self":[{"href":"http:\/\/erfolg.lv\/index.php?rest_route=\/wp\/v2\/posts\/200"}],"collection":[{"href":"http:\/\/erfolg.lv\/index.php?rest_route=\/wp\/v2\/posts"}],"about":[{"href":"http:\/\/erfolg.lv\/index.php?rest_route=\/wp\/v2\/types\/post"}],"author":[{"embeddable":true,"href":"http:\/\/erfolg.lv\/index.php?rest_route=\/wp\/v2\/users\/2"}],"replies":[{"embeddable":true,"href":"http:\/\/erfolg.lv\/index.php?rest_route=%2Fwp%2Fv2%2Fcomments&post=200"}],"version-history":[{"count":7,"href":"http:\/\/erfolg.lv\/index.php?rest_route=\/wp\/v2\/posts\/200\/revisions"}],"predecessor-version":[{"id":1427,"href":"http:\/\/erfolg.lv\/index.php?rest_route=\/wp\/v2\/posts\/200\/revisions\/1427"}],"wp:featuredmedia":[{"embeddable":true,"href":"http:\/\/erfolg.lv\/index.php?rest_route=\/wp\/v2\/media\/201"}],"wp:attachment":[{"href":"http:\/\/erfolg.lv\/index.php?rest_route=%2Fwp%2Fv2%2Fmedia&parent=200"}],"wp:term":[{"taxonomy":"category","embeddable":true,"href":"http:\/\/erfolg.lv\/index.php?rest_route=%2Fwp%2Fv2%2Fcategories&post=200"},{"taxonomy":"post_tag","embeddable":true,"href":"http:\/\/erfolg.lv\/index.php?rest_route=%2Fwp%2Fv2%2Ftags&post=200"}],"curies":[{"name":"wp","href":"https:\/\/api.w.org\/{rel}","templated":true}]}}