{"id":1626,"date":"2025-02-02T12:33:47","date_gmt":"2025-02-02T12:33:47","guid":{"rendered":"https:\/\/erfolg.lv\/?p=1626"},"modified":"2025-04-09T13:47:59","modified_gmt":"2025-04-09T13:47:59","slug":"svetas-brigitas-tels-svecu-diena","status":"publish","type":"post","link":"http:\/\/erfolg.lv\/?p=1626&lang=lv","title":{"rendered":"SV\u0112T\u0100S BRIGITAS T\u0112LS SVE\u010cU DIEN\u0100"},"content":{"rendered":"\n<p>Sve\u010du dien\u0101, svinam ne tikai gaismas atgrie\u0161anos, bet ar\u012b Sv\u0113t\u0101s Brigitas piemi\u0146u! <img decoding=\"async\" loading=\"lazy\" height=\"16\" width=\"16\" alt=\"&#x1f56f;&#xfe0f;\" src=\"https:\/\/static.xx.fbcdn.net\/images\/emoji.php\/v9\/t7d\/1\/16\/1f56f.png\"><img decoding=\"async\" loading=\"lazy\" height=\"16\" width=\"16\" alt=\"&#x2728;\" src=\"https:\/\/static.xx.fbcdn.net\/images\/emoji.php\/v9\/tf4\/1\/16\/2728.png\"> Sv\u0113t\u0101 Brigita ir viena no visvair\u0101k cien\u012btaj\u0101m sv\u0113taj\u0101m, kura tiek saist\u012bta ar pavasara un saules atgrie\u0161an\u0101s simboliku.<\/p>\n\n\n\n<p><img decoding=\"async\" loading=\"lazy\" height=\"16\" width=\"16\" alt=\"&#x1f539;\" src=\"https:\/\/static.xx.fbcdn.net\/images\/emoji.php\/v9\/tf3\/1\/16\/1f539.png\"> Sv\u0113t\u0101 Brigita un sve\u010du diena: Sv\u0113t\u0101 Brigita tiek uzskat\u012bta par gaismas nes\u0113ju, un vi\u0146as t\u0113ls ir cie\u0161i saist\u012bts ar \u0161o dienu, kad, dedzinot sveces, simboliz\u0113jam v\u0113lmi p\u0113c gaismas un cer\u012bbu, ka dr\u012bz atn\u0101ks pavasaris. <img decoding=\"async\" loading=\"lazy\" height=\"16\" width=\"16\" alt=\"&#x1f31e;\" src=\"https:\/\/static.xx.fbcdn.net\/images\/emoji.php\/v9\/t5f\/1\/16\/1f31e.png\"><img decoding=\"async\" loading=\"lazy\" height=\"16\" width=\"16\" alt=\"&#x1f338;\" src=\"https:\/\/static.xx.fbcdn.net\/images\/emoji.php\/v9\/tf0\/1\/16\/1f338.png\"> Vi\u0146a ir <a><\/a>aizbildne vis\u0101m meiten\u0113m, kas mekl\u0113 mieru, un vienlaikus ar\u012b g\u0101d\u012bga aizst\u0101ve pret slim\u012bb\u0101m un b\u0113d\u0101m.<\/p>\n\n\n\n<p><img decoding=\"async\" loading=\"lazy\" height=\"16\" width=\"16\" alt=\"&#x1f539;\" src=\"https:\/\/static.xx.fbcdn.net\/images\/emoji.php\/v9\/tf3\/1\/16\/1f539.png\"> K\u0101 godin\u0101t Sv\u0113to Brigitu: <img decoding=\"async\" loading=\"lazy\" height=\"16\" width=\"16\" alt=\"&#x2705;\" src=\"https:\/\/static.xx.fbcdn.net\/images\/emoji.php\/v9\/t33\/1\/16\/2705.png\"> Iededziet svec\u012bti un l\u016bdzieties, lai sa\u0146emtu vi\u0146as sv\u0113t\u012bbu un aizsardz\u012bbu.<\/p>\n\n\n\n<p><img decoding=\"async\" loading=\"lazy\" height=\"16\" width=\"16\" alt=\"&#x2705;\" src=\"https:\/\/static.xx.fbcdn.net\/images\/emoji.php\/v9\/t33\/1\/16\/2705.png\"> Sv\u0113t\u0101s Brigitas t\u0113ls bie\u017ei tiek att\u0113lots ar svec\u0113m, t\u0101p\u0113c sve\u010du iedeg\u0161ana \u0161aj\u0101 dien\u0101 ir \u012bpa\u0161i noz\u012bm\u012bga.<\/p>\n\n\n\n<p><img decoding=\"async\" loading=\"lazy\" height=\"16\" width=\"16\" alt=\"&#x2705;\" src=\"https:\/\/static.xx.fbcdn.net\/images\/emoji.php\/v9\/t33\/1\/16\/2705.png\"> Lai nostiprin\u0101tu saikni ar dabu, piedom\u0101jiet pie t\u0101, k\u0101 katrs j\u016bsu solis tuvina pavasara atn\u0101k\u0161anai.<\/p>\n\n\n\n<p>Sv\u0113t\u0101s Brigitas t\u0113ls mums atg\u0101dina par cer\u012bbu un gaismu, kas nekad nepaz\u016bd, pat ja ziemas aukstums ir v\u0113l tuvu. <img decoding=\"async\" loading=\"lazy\" height=\"16\" width=\"16\" alt=\"&#x1f331;\" src=\"https:\/\/static.xx.fbcdn.net\/images\/emoji.php\/v9\/t69\/1\/16\/1f331.png\"><img decoding=\"async\" loading=\"lazy\" height=\"16\" width=\"16\" alt=\"&#x1f496;\" src=\"https:\/\/static.xx.fbcdn.net\/images\/emoji.php\/v9\/te9\/1\/16\/1f496.png\"><\/p>\n","protected":false},"excerpt":{"rendered":"<p>Sve\u010du dien\u0101, svinam ne tikai gaismas atgrie\u0161anos, bet ar\u012b Sv\u0113t\u0101s Brigitas piemi\u0146u! Sv\u0113t\u0101 Brigita ir viena no visvair\u0101k cien\u012btaj\u0101m sv\u0113taj\u0101m, kura tiek saist\u012bta ar pavasara un saules atgrie\u0161an\u0101s simboliku. Sv\u0113t\u0101 Brigita un sve\u010du diena: Sv\u0113t\u0101 Brigita tiek uzskat\u012bta par gaismas nes\u0113ju, un vi\u0146as t\u0113ls ir cie\u0161i saist\u012bts ar \u0161o dienu, kad, dedzinot sveces, simboliz\u0113jam v\u0113lmi [&hellip;]<\/p>\n","protected":false},"author":2,"featured_media":1627,"comment_status":"closed","ping_status":"open","sticky":true,"template":"","format":"standard","meta":[],"categories":[148],"tags":[157,155,163],"_links":{"self":[{"href":"http:\/\/erfolg.lv\/index.php?rest_route=\/wp\/v2\/posts\/1626"}],"collection":[{"href":"http:\/\/erfolg.lv\/index.php?rest_route=\/wp\/v2\/posts"}],"about":[{"href":"http:\/\/erfolg.lv\/index.php?rest_route=\/wp\/v2\/types\/post"}],"author":[{"embeddable":true,"href":"http:\/\/erfolg.lv\/index.php?rest_route=\/wp\/v2\/users\/2"}],"replies":[{"embeddable":true,"href":"http:\/\/erfolg.lv\/index.php?rest_route=%2Fwp%2Fv2%2Fcomments&post=1626"}],"version-history":[{"count":1,"href":"http:\/\/erfolg.lv\/index.php?rest_route=\/wp\/v2\/posts\/1626\/revisions"}],"predecessor-version":[{"id":1628,"href":"http:\/\/erfolg.lv\/index.php?rest_route=\/wp\/v2\/posts\/1626\/revisions\/1628"}],"wp:featuredmedia":[{"embeddable":true,"href":"http:\/\/erfolg.lv\/index.php?rest_route=\/wp\/v2\/media\/1627"}],"wp:attachment":[{"href":"http:\/\/erfolg.lv\/index.php?rest_route=%2Fwp%2Fv2%2Fmedia&parent=1626"}],"wp:term":[{"taxonomy":"category","embeddable":true,"href":"http:\/\/erfolg.lv\/index.php?rest_route=%2Fwp%2Fv2%2Fcategories&post=1626"},{"taxonomy":"post_tag","embeddable":true,"href":"http:\/\/erfolg.lv\/index.php?rest_route=%2Fwp%2Fv2%2Ftags&post=1626"}],"curies":[{"name":"wp","href":"https:\/\/api.w.org\/{rel}","templated":true}]}}