{"id":1613,"date":"2025-01-30T10:03:41","date_gmt":"2025-01-30T10:03:41","guid":{"rendered":"http:\/\/erfolg.lv\/?p=1613"},"modified":"2025-04-07T11:44:35","modified_gmt":"2025-04-07T11:44:35","slug":"interesanti-fakti-par-bralu-grimmu-pasakam","status":"publish","type":"post","link":"http:\/\/erfolg.lv\/?p=1613&lang=lv","title":{"rendered":"INTERESANTI FAKTI PAR BR\u0100\u013bU GRIMMU PASAK\u0100M"},"content":{"rendered":"\n<p><img decoding=\"async\" loading=\"lazy\" height=\"16\" width=\"16\" alt=\"1&#xfe0f;&#x20e3;\" src=\"https:\/\/static.xx.fbcdn.net\/images\/emoji.php\/v9\/t7a\/1\/16\/31_20e3.png\"> Pasakas netika rakst\u012btas b\u0113rniem<\/p>\n\n\n\n<p>Pirmaj\u0101 1812. gada izdevum\u0101 pasakas bija tum\u0161\u0101kas un ietv\u0113ra vardarb\u012bbas un ne\u017e\u0113l\u012bbas ainas. T\u0101s bija dom\u0101tas vair\u0101k pieaugu\u0161ajiem nek\u0101 b\u0113rniem.<\/p>\n\n\n\n<p><img decoding=\"async\" loading=\"lazy\" height=\"16\" width=\"16\" alt=\"2&#xfe0f;&#x20e3;\" src=\"https:\/\/static.xx.fbcdn.net\/images\/emoji.php\/v9\/t99\/1\/16\/32_20e3.png\"> Pamats \u2014 folkloras st\u0101sti<\/p>\n\n\n\n<p>Br\u0101\u013ci Grimms neizdom\u0101ja pasakas, bet v\u0101ca t\u0101s no ciematu un pils\u0113tu iedz\u012bvot\u0101jiem. Daudzi st\u0101st\u012bt\u0101ji bija vienk\u0101r\u0161i cilv\u0113ki, bet bija ar\u012b izgl\u012btotas sievietes no augst\u0101kajiem sl\u0101\u0146iem.<\/p>\n\n\n\n<p><img decoding=\"async\" loading=\"lazy\" height=\"16\" width=\"16\" alt=\"3&#xfe0f;&#x20e3;\" src=\"https:\/\/static.xx.fbcdn.net\/images\/emoji.php\/v9\/tb8\/1\/16\/33_20e3.png\"><a><\/a>Si\u017eetu izmai\u0146as mor\u0101les v\u0101rd\u0101<\/p>\n\n\n\n<p>V\u0113l\u0101kajos izdevumos pasakas tika m\u012bkstin\u0101tas un piel\u0101gotas 19. gadsimta mor\u0101laj\u0101m un reli\u0123iskaj\u0101m v\u0113rt\u012bb\u0101m. Piem\u0113ram, agr\u0101kaj\u0101 &#171;\u0112rk\u0161\u0137roz\u012bte&#187; (&#171;Apburt\u0101 princese&#187;) nebija sk\u016bpsta, bet &#171;Pelnru\u0161\u0137\u012bt\u0113&#187; \u013caun\u0101s pam\u0101tes vardarb\u012bba bija izteikt\u0101ka.<\/p>\n\n\n\n<p><img decoding=\"async\" loading=\"lazy\" height=\"16\" width=\"16\" alt=\"4&#xfe0f;&#x20e3;\" src=\"https:\/\/static.xx.fbcdn.net\/images\/emoji.php\/v9\/td7\/1\/16\/34_20e3.png\"> Ne visas pasakas bija v\u0101cu<\/p>\n\n\n\n<p>Kaut ar\u012b br\u0101\u013ci cent\u0101s saglab\u0101t v\u0101cu folkloru, vi\u0146u izdevum\u0101 bija ar\u012b pasakas ar \u0101rvalstu sakn\u0113m, piem\u0113ram, &#171;Pelnru\u0161\u0137\u012bte&#187; un &#171;Sarkangalv\u012bte&#187;, kas c\u0113lu\u0161\u0101s no fran\u010du pasak\u0101m.<\/p>\n\n\n\n<p><img decoding=\"async\" loading=\"lazy\" height=\"16\" width=\"16\" alt=\"5&#xfe0f;&#x20e3;\" src=\"https:\/\/static.xx.fbcdn.net\/images\/emoji.php\/v9\/tf6\/1\/16\/35_20e3.png\"> Skait\u013cu simbolika<\/p>\n\n\n\n<p>Br\u0101\u013cu Grimma pasak\u0101s bie\u017ei sastopami ma\u0123iski skait\u013ci, piem\u0113ram, 3, 7 vai 12. \u0160iem skait\u013ciem bija \u012bpa\u0161a noz\u012bme tautas kult\u016br\u0101.<\/p>\n\n\n\n<p><img decoding=\"async\" loading=\"lazy\" height=\"16\" width=\"16\" alt=\"6&#xfe0f;&#x20e3;\" src=\"https:\/\/static.xx.fbcdn.net\/images\/emoji.php\/v9\/t15\/1\/16\/36_20e3.png\"> Ilustr\u0101cijas papildin\u0101ja st\u0101stus<\/p>\n\n\n\n<p>V\u0113l\u0101kajos izdevumos &#171;B\u0113rnu un m\u0101jas pasakas&#187; (Kinder- und Hausm\u00e4rchen) tika pievienotas ilustr\u0101cijas, kas padar\u012bja pasakas v\u0113l popul\u0101r\u0101kas b\u0113rnu vid\u016b.<\/p>\n\n\n\n<p><img decoding=\"async\" loading=\"lazy\" height=\"16\" width=\"16\" alt=\"7&#xfe0f;&#x20e3;\" src=\"https:\/\/static.xx.fbcdn.net\/images\/emoji.php\/v9\/t34\/1\/16\/37_20e3.png\"> Da\u017eas pasakas ir v\u0113sturiskas<\/p>\n\n\n\n<p>Piem\u0113ram, &#171;Hamelnes \u017eurku \u0137\u0113r\u0101js&#187; ir saist\u012bts ar re\u0101liem 13. gadsimta notikumiem, kad Hamelnes pils\u0113t\u0101 nosl\u0113pumain\u0101 k\u0101rt\u0101 pazuda b\u0113rni.<\/p>\n\n\n\n<p><img decoding=\"async\" loading=\"lazy\" height=\"16\" width=\"16\" alt=\"8&#xfe0f;&#x20e3;\" src=\"https:\/\/static.xx.fbcdn.net\/images\/emoji.php\/v9\/t53\/1\/16\/38_20e3.png\"> Ietekme uz kult\u016bru<\/p>\n\n\n\n<p>Br\u0101\u013cu Grimma pasakas iedvesmoju\u0161as daudzus rakstniekus, komponistus un re\u017eisorus. Daudzas pasakas k\u013cuva par pamatu Disney multfilm\u0101m, piem\u0113ram, &#171;Sniegbalt\u012bte&#187; un &#171;Pelnru\u0161\u0137\u012bte&#187;.<\/p>\n\n\n\n<p><img decoding=\"async\" loading=\"lazy\" height=\"16\" width=\"16\" alt=\"9&#xfe0f;&#x20e3;\" src=\"https:\/\/static.xx.fbcdn.net\/images\/emoji.php\/v9\/t72\/1\/16\/39_20e3.png\"> Tulkot\u0101s vair\u0101k nek\u0101 160 valod\u0101s<\/p>\n\n\n\n<p>Br\u0101\u013cu Grimma pasakas ir viena no visvair\u0101k tulkotaj\u0101m gr\u0101mat\u0101m pasaul\u0113, kas padar\u012bjusi to par pasaules kult\u016bras mantojuma da\u013cu.<\/p>\n\n\n\n<p><img decoding=\"async\" loading=\"lazy\" height=\"16\" width=\"16\" alt=\"&#x1f51f;\" src=\"https:\/\/static.xx.fbcdn.net\/images\/emoji.php\/v9\/t62\/1\/16\/1f51f.png\"> Pret\u0113ji laim\u012bgajiem beigu scen\u0101rijiem<\/p>\n\n\n\n<p>Ori\u0123in\u0101laj\u0101s versij\u0101s daudzas pasakas beidz\u0101s tra\u0123iski. Piem\u0113ram, agr\u0101kaj\u0101 &#171;Maz\u0101 n\u0101ri\u0146a&#187; vi\u0146as m\u012blest\u012bba palika neatbild\u0113ta, bet &#171;M\u0101sa un br\u0101lis&#187; ietv\u0113ra ma\u0123iskas p\u0101rv\u0113rt\u012bbas un n\u0101vi.<\/p>\n\n\n\n<p>Br\u0101\u013cu Grimma pasakas ir ne tikai b\u0113rnu m\u012b\u013cotie st\u0101sti, bet ar\u012b dzi\u013ci emocion\u0101li un reiz\u0113m tum\u0161i.<\/p>\n\n\n\n<p>K\u0101da ir j\u016bsu iecien\u012bt\u0101k\u0101 pasaka? Dalieties koment\u0101ros! <img decoding=\"async\" loading=\"lazy\" height=\"16\" width=\"16\" alt=\"&#x1f447;\" src=\"https:\/\/static.xx.fbcdn.net\/images\/emoji.php\/v9\/t4f\/1\/16\/1f447.png\"><img decoding=\"async\" loading=\"lazy\" height=\"16\" width=\"16\" alt=\"&#x2728;\" src=\"https:\/\/static.xx.fbcdn.net\/images\/emoji.php\/v9\/tf4\/1\/16\/2728.png\"><\/p>\n","protected":false},"excerpt":{"rendered":"<p>Pasakas netika rakst\u012btas b\u0113rniem Pirmaj\u0101 1812. gada izdevum\u0101 pasakas bija tum\u0161\u0101kas un ietv\u0113ra vardarb\u012bbas un ne\u017e\u0113l\u012bbas ainas. T\u0101s bija dom\u0101tas vair\u0101k pieaugu\u0161ajiem nek\u0101 b\u0113rniem. Pamats \u2014 folkloras st\u0101sti Br\u0101\u013ci Grimms neizdom\u0101ja pasakas, bet v\u0101ca t\u0101s no ciematu un pils\u0113tu iedz\u012bvot\u0101jiem. Daudzi st\u0101st\u012bt\u0101ji bija vienk\u0101r\u0161i cilv\u0113ki, bet bija ar\u012b izgl\u012btotas sievietes no augst\u0101kajiem sl\u0101\u0146iem. Si\u017eetu izmai\u0146as [&hellip;]<\/p>\n","protected":false},"author":2,"featured_media":1614,"comment_status":"closed","ping_status":"open","sticky":false,"template":"","format":"standard","meta":[],"categories":[146],"tags":[],"_links":{"self":[{"href":"http:\/\/erfolg.lv\/index.php?rest_route=\/wp\/v2\/posts\/1613"}],"collection":[{"href":"http:\/\/erfolg.lv\/index.php?rest_route=\/wp\/v2\/posts"}],"about":[{"href":"http:\/\/erfolg.lv\/index.php?rest_route=\/wp\/v2\/types\/post"}],"author":[{"embeddable":true,"href":"http:\/\/erfolg.lv\/index.php?rest_route=\/wp\/v2\/users\/2"}],"replies":[{"embeddable":true,"href":"http:\/\/erfolg.lv\/index.php?rest_route=%2Fwp%2Fv2%2Fcomments&post=1613"}],"version-history":[{"count":1,"href":"http:\/\/erfolg.lv\/index.php?rest_route=\/wp\/v2\/posts\/1613\/revisions"}],"predecessor-version":[{"id":1615,"href":"http:\/\/erfolg.lv\/index.php?rest_route=\/wp\/v2\/posts\/1613\/revisions\/1615"}],"wp:featuredmedia":[{"embeddable":true,"href":"http:\/\/erfolg.lv\/index.php?rest_route=\/wp\/v2\/media\/1614"}],"wp:attachment":[{"href":"http:\/\/erfolg.lv\/index.php?rest_route=%2Fwp%2Fv2%2Fmedia&parent=1613"}],"wp:term":[{"taxonomy":"category","embeddable":true,"href":"http:\/\/erfolg.lv\/index.php?rest_route=%2Fwp%2Fv2%2Fcategories&post=1613"},{"taxonomy":"post_tag","embeddable":true,"href":"http:\/\/erfolg.lv\/index.php?rest_route=%2Fwp%2Fv2%2Ftags&post=1613"}],"curies":[{"name":"wp","href":"https:\/\/api.w.org\/{rel}","templated":true}]}}