{"id":1497,"date":"2023-05-27T14:19:00","date_gmt":"2023-05-27T14:19:00","guid":{"rendered":"http:\/\/erfolg.lv\/?p=1497"},"modified":"2025-01-22T14:32:28","modified_gmt":"2025-01-22T14:32:28","slug":"seminar-zur-projektplanung-deutschbaltischer-gesellschaften-in-klaipeda","status":"publish","type":"post","link":"http:\/\/erfolg.lv\/?p=1497&lang=de","title":{"rendered":"Seminar zur Projektplanung deutschbaltischer Gesellschaften in Klaipeda"},"content":{"rendered":"\n<p><strong>Das Trainingsseminar des Projekts Baltisch-Deutsche Vereinigung fand im nach ihm benannten Versammlungshaus statt. Simona Dach in Klaipeda. Die Tagesordnung des Seminars war sehr umfangreich, und im Laufe von zwei Tagen wurden mit den Teilnehmern alle Aspekte der Umsetzung und Dokumentation von Projekten besprochen &#8212; vom j\u00e4hrlichen Finanzierungszyklus von Projekten und Bereichen, in denen man auf st\u00e4ndige politische Unterst\u00fctzung z\u00e4hlen kann (Arbeit mit Jugendlichen und der deutschen Sprache) bis hin zu ganz speziellen Fragen zur Vorbereitung eines Projektantrags und der korrekten Erstellung und Einreichung von Berichten. Dar\u00fcber hinaus wurden auch Beispiele guter Praxis aus anderen Verb\u00e4nden der deutschen Minderheit genannt.<\/strong><\/p>\n\n\n\n<p>Eines der Hauptziele des Seminars bestand darin, Vertreter zahlreicher deutscher Institutionen und Leiter von Verb\u00e4nden der deutschbaltischen Minderheit zusammenzubringen. Seit diesem Jahr gilt eine neue Form des Projektmanagements: Das Bundesministerium des Innern (BMI) hat die Aufgaben der Verwaltung und Koordinierung von Minderheitenprojekten an die Stiftung Verbundenheit mit den Deutschen im Ausland \u00fcbertragen, die vertreten war in Klaipeda von Monika Ambach. Es war zugleich das erste Treffen mit den Vertretern des Bundesinnenministeriums, Michaela Primer und Stefan G\u00fcnther, nach der sogenannten COVID-bedingten Pause. Die dritte deutsche Beh\u00f6rde, die durch Betty Hummel vertreten wurde, war das Bundesverwaltungsamt. Er ist verantwortlich f\u00fcr die Pr\u00fcfung der Finanzausgaben und der Berichterstattung. Die deutsche Minderheit im Baltikum war mit 17 Teilnehmern aus 11 Organisationen vertreten. Wir freuen uns \u00fcber die rege Teilnahme an der Veranstaltung, denn jeder, der schon einmal im Bereich der Projektumsetzung gearbeitet hat, wei\u00df, wie wichtig gute Kommunikation und pers\u00f6nliche Kontakte sind. Dies ist im nichtstaatlichen Sektor umso wichtiger, da hier die Motivation auf internen Idealen beruht und Teamarbeit und ein unterst\u00fctzendes Team oft entscheidende Argumente f\u00fcr die Umsetzung eines Projekts sind. Einander kennenzulernen bedeutet in vielerlei Hinsicht, die gebotenen M\u00f6glichkeiten aktiver und effizienter zu nutzen.<\/p>\n\n\n\n<p>Die Tagesordnung des Seminars war sehr umfangreich, und im Laufe von zwei Tagen wurden mit den Teilnehmern alle Aspekte der Umsetzung und Dokumentation von Projekten besprochen \u2013 vom j\u00e4hrlichen Finanzierungszyklus von Projekten und Bereichen, in denen man auf dauerhafte politische Unterst\u00fctzung z\u00e4hlen kann (Arbeit mit Jugendlichen und der deutschen Sprache) bis hin zu ganz speziellen Fragen zur Vorbereitung eines Projektantrags und der korrekten Erstellung und Einreichung von Berichten. Dar\u00fcber hinaus wurden auch Beispiele guter Praxis aus anderen Verb\u00e4nden der deutschen Minderheit genannt.<\/p>\n\n\n\n<p>Nat\u00fcrlich wurde auch etwas Zeit f\u00fcr informellere Aktivit\u00e4ten eingeplant und dieses Mal erfuhren die Teilnehmer etwas \u00fcber die Geschichte von Klaipeda, die eindeutig deutsch ist \u2013 vor dem Zweiten Weltkrieg waren 70 % der Bev\u00f6lkerung von Klaipeda deutscher Herkunft. Auch 1939\/40 kamen Teilnehmer. Eine Museumsausstellung, die den Ereignissen des Jahres gewidmet ist. Der Abschluss des Abendessens war sehr emotional, da sich dieser Abend spontan von einem Gespr\u00e4chsabend in einen Abend voller Lieder wandelte. Es war ber\u00fchrend zu sehen, wie die Leiter von Verb\u00e4nden aus verschiedenen L\u00e4ndern zusammenkamen, um ein deutsches Lied zu singen!<\/p>\n\n\n\n<p>Olga Jessie, Vorsitzende der ERFOLG-Vereinigung, sagte:<\/p>\n\n\n\n<p><\/p>\n\n\n\n<p>\u201eF\u00fcr mich ist dieses Seminar wie eine willkommene Abwechslung nach einer langen Pause. Durch die Begegnung mit Gleichgesinnten gewinnen wir Ressourcen f\u00fcr die zuk\u00fcnftige Arbeit und k\u00f6nnen durch solche Weiterbildungsseminare unsere Arbeit verbessern. Das Seminar war n\u00fctzlich und informativ. Vielen Dank f\u00fcr diese Gelegenheit!<\/p>\n","protected":false},"excerpt":{"rendered":"<p>Das Trainingsseminar des Projekts Baltisch-Deutsche Vereinigung fand im nach ihm benannten Versammlungshaus statt. Simona Dach in Klaipeda. Die Tagesordnung des Seminars war sehr umfangreich, und im Laufe von zwei Tagen wurden mit den Teilnehmern alle Aspekte der Umsetzung und Dokumentation von Projekten besprochen &#8212; vom j\u00e4hrlichen Finanzierungszyklus von Projekten und Bereichen, in denen man auf [&hellip;]<\/p>\n","protected":false},"author":2,"featured_media":201,"comment_status":"open","ping_status":"open","sticky":false,"template":"","format":"standard","meta":[],"categories":[11],"tags":[],"_links":{"self":[{"href":"http:\/\/erfolg.lv\/index.php?rest_route=\/wp\/v2\/posts\/1497"}],"collection":[{"href":"http:\/\/erfolg.lv\/index.php?rest_route=\/wp\/v2\/posts"}],"about":[{"href":"http:\/\/erfolg.lv\/index.php?rest_route=\/wp\/v2\/types\/post"}],"author":[{"embeddable":true,"href":"http:\/\/erfolg.lv\/index.php?rest_route=\/wp\/v2\/users\/2"}],"replies":[{"embeddable":true,"href":"http:\/\/erfolg.lv\/index.php?rest_route=%2Fwp%2Fv2%2Fcomments&post=1497"}],"version-history":[{"count":1,"href":"http:\/\/erfolg.lv\/index.php?rest_route=\/wp\/v2\/posts\/1497\/revisions"}],"predecessor-version":[{"id":1498,"href":"http:\/\/erfolg.lv\/index.php?rest_route=\/wp\/v2\/posts\/1497\/revisions\/1498"}],"wp:featuredmedia":[{"embeddable":true,"href":"http:\/\/erfolg.lv\/index.php?rest_route=\/wp\/v2\/media\/201"}],"wp:attachment":[{"href":"http:\/\/erfolg.lv\/index.php?rest_route=%2Fwp%2Fv2%2Fmedia&parent=1497"}],"wp:term":[{"taxonomy":"category","embeddable":true,"href":"http:\/\/erfolg.lv\/index.php?rest_route=%2Fwp%2Fv2%2Fcategories&post=1497"},{"taxonomy":"post_tag","embeddable":true,"href":"http:\/\/erfolg.lv\/index.php?rest_route=%2Fwp%2Fv2%2Ftags&post=1497"}],"curies":[{"name":"wp","href":"https:\/\/api.w.org\/{rel}","templated":true}]}}